{"id":1290572,"date":"2026-09-06T16:17:21","date_gmt":"2026-09-06T13:17:21","guid":{"rendered":"https:\/\/www.etoro.com\/?p=1290572"},"modified":"2026-09-06T16:17:21","modified_gmt":"2026-09-06T13:17:21","slug":"volkswagen-propousti-az-100-000-zamestnancu-jaky-bude-dopad-na-cesko","status":"publish","type":"post","link":"https:\/\/www.etoro.com\/cs-cz\/news-and-analysis\/market-insights\/volkswagen-propousti-az-100-000-zamestnancu-jaky-bude-dopad-na-cesko\/","title":{"rendered":"Volkswagen propou\u0161t\u00ed a\u017e 100 000 zam\u011bstnanc\u016f. Jak\u00fd bude dopad na \u010cesko?"},"content":{"rendered":"<p><strong>Nejv\u011bt\u0161\u00ed zm\u011bny v dev\u011btaosmdes\u00e1tilet\u00e9 historii Volkswagenu zas\u00e1hnou cel\u00fd koncern. Pro \u010cesko to ale mohou b\u00fdt dobr\u00e9 zpr\u00e1vy, proto\u017ee produkce by se mohla z N\u011bmecka p\u0159esunout k n\u00e1m. Pro investory je to pot\u0159ebn\u00e1 dobr\u00e1 zpr\u00e1va.<\/strong><\/p>\n<p>Dozor\u010d\u00ed rada Volkswagenu ve \u010dtvrtek ve\u010der jednomysln\u011b schv\u00e1lila transforma\u010dn\u00ed pl\u00e1n Future Plan 2030. Ten po\u010d\u00edt\u00e1 se zru\u0161en\u00edm dal\u0161\u00edch 50 000 pracovn\u00edch m\u00edst po cel\u00e9m sv\u011bt\u011b. Spolu s programem dohodnut\u00fdm koncem roku 2024, kter\u00fd ru\u0161\u00ed zhruba 50 000 m\u00edst v N\u011bmecku do roku 2030, se celkov\u00fd po\u010det propu\u0161t\u011bn\u00fdch zam\u011bstnanc\u016f bl\u00ed\u017e\u00ed ke sto tis\u00edc\u016fm. Nov\u00e1 \u010d\u00e1st pl\u00e1nu odpov\u00edd\u00e1 asi osmi procent\u016fm v\u0161ech zam\u011bstnanc\u016f Volkswagenu.<\/p>\n<p>Volkswagen se mus\u00ed drasticky p\u0159izp\u016fsobit rapidn\u011b se m\u011bn\u00edc\u00edmu automobilov\u00e9mu pr\u016fmyslu, ve kter\u00e9m tak\u0159ka usnul na vav\u0159\u00ednech. Evropsk\u00e9 tov\u00e1rny koncernu maj\u00ed podle jeho vlastn\u00edho vyj\u00e1d\u0159en\u00ed p\u0159ebyte\u010dnou kapacitu zhruba 500 000 voz\u016f ro\u010dn\u011b. Z\u00e1vody v Emdenu, Hannoveru, Neckarsulmu a Zwickau nemaj\u00ed zaji\u0161t\u011bnou navazuj\u00edc\u00ed v\u00fdrobu a produkce v nich kon\u010d\u00ed mezi lety 2031 a 2034. K tlak\u016fm na Volkswagen se krom\u011b masivn\u00ed konkurence \u010d\u00ednsk\u00fdch automobilek p\u0159idala tak\u00e9 Trumpova cla v USA.<\/p>\n<p>Zat\u00edmco \u010d\u00ednsk\u00e9 automobilky expanduj\u00ed do Evropy na vln\u011b siln\u00e9 popt\u00e1vky a vl\u00e1dn\u00ed podpory, Volkswagen \u0161krt\u00e1 investi\u010dn\u00ed pl\u00e1ny, a to na dal\u0161\u00edch p\u011bt let a\u017e o 16 procent. Firmu zas\u00e1hla kombinace faktor\u016f, kter\u00e9 nejsou zcela pod kontrolou veden\u00ed, a tak je nem\u016f\u017eeme vinit za v\u0161echny probl\u00e9my. Kroky, kter\u00e9 podnik\u00e1, jsou ale mezi zam\u011bstnanci nepopul\u00e1rn\u00ed. Pro investory jsou to naopak velmi pot\u0159ebn\u00e9 dobr\u00e9 zpr\u00e1vy.<\/p>\n<p>Pro \u010cesko je z\u00e1sadn\u00ed, kam se p\u0159esune v\u00fdroba, kter\u00e1 by mohla z n\u011bmeck\u00fdch tov\u00e1ren odej\u00edt. Podle unikl\u00fdch dokument\u016f zve\u0159ejn\u011bn\u00fdch na n\u011bmeck\u00e9m serveru WirtschaftsWoche by n\u00e1stupce elektrick\u00e9ho modelu ID.4 m\u011bl zam\u00ed\u0159it do mladoboleslavsk\u00e9ho z\u00e1vodu \u0160kody Auto, v\u00fdroba Audi Q4 e-tron do Bratislavy a elektrick\u00e9 dod\u00e1vky z Hannoveru do polsk\u00e9 Poznan\u011b.<\/p>\n<p>Koncern zat\u00edm nic nepotvrdil. Pozice Mlad\u00e9 Boleslavi je nicm\u00e9n\u011b siln\u00e1 i bez toho. \u0160koda vykazuje nadpr\u016fm\u011brnou ziskovost a dr\u017e\u00ed si vedouc\u00ed pozici na trhu, a tak m\u016f\u017ee m\u00edt pl\u00e1n restrukturalizace pro \u010cesko pozitivn\u00ed dopad. To ov\u0161em neplat\u00ed pro z\u00e1kazn\u00edky. Volkswagen ofici\u00e1ln\u011b ozn\u00e1mil, \u017ee chce zredukovat nab\u00eddku model\u016f a\u017e o polovinu a po\u010det v\u00fdbav, variant a konfigurac\u00ed a\u017e o 75 procent, co\u017e m\u016f\u017ee zmen\u0161it nab\u00eddku levn\u011bj\u0161\u00edch konfigurac\u00ed.<\/p>\n<p>Akciov\u00fd trh reagoval jednozna\u010dn\u011b \u2013 pro investory to jsou dobr\u00e9 zpr\u00e1vy. Sni\u017eov\u00e1n\u00ed n\u00e1klad\u016f je pro stagnuj\u00edc\u00ed Volkswagen kl\u00ed\u010dov\u00e9, av\u0161ak nesta\u010d\u00ed k vy\u0159e\u0161en\u00ed jeho probl\u00e9m\u016f. Automobilka bude muset l\u00e9pe konkurovat \u010d\u00ednsk\u00fdm model\u016fm na dom\u00e1c\u00edm trhu, k \u010demu by mohl p\u0159isp\u011bt st\u00e1tn\u00ed z\u00e1sah jako t\u0159eba vy\u0161\u0161\u00ed cla, podobn\u011b jako Trumpova strategie v USA, kter\u00e1 Volkswagenu na americk\u00e9m trhu u\u0161kodila. Akcie Volkswagenu ve Frankfurtu po ozn\u00e1men\u00ed pos\u00edlily o 7,9 procenta. Rozhoduj\u00edc\u00ed budou konkr\u00e9tn\u00ed pl\u00e1ny v n\u00e1sleduj\u00edc\u00edch m\u011bs\u00edc\u00edch, kter\u00e9 uk\u00e1\u017eou, kde se bude \u0161krtat a kde naopak p\u0159ibude.<\/p>\n","protected":false},"excerpt":{"rendered":"<p>Nejv\u011bt\u0161\u00ed zm\u011bny v dev\u011btaosmdes\u00e1tilet\u00e9 historii Volkswagenu zas\u00e1hnou cel\u00fd koncern. Pro \u010cesko to ale mohou b\u00fdt dobr\u00e9 zpr\u00e1vy, proto\u017ee produkce by se mohla z N\u011bmecka p\u0159esunout k n\u00e1m. Pro investory je to pot\u0159ebn\u00e1 dobr\u00e1 zpr\u00e1va. Dozor\u010d\u00ed rada Volkswagenu ve \u010dtvrtek ve\u010der jednomysln\u011b schv\u00e1lila transforma\u010dn\u00ed pl\u00e1n Future Plan 2030. Ten po\u010d\u00edt\u00e1 se zru\u0161en\u00edm dal\u0161\u00edch 50 000 pracovn\u00edch&hellip;<\/p>\n","protected":false},"author":75,"featured_media":1206335,"comment_status":"closed","ping_status":"closed","sticky":false,"template":"","format":"standard","meta":{"_acf_changed":false,"inline_featured_image":false,"footnotes":""},"categories":[1308],"tags":[],"asset_type":[],"class_list":["post-1290572","post","type-post","status-publish","format-standard","has-post-thumbnail","hentry","category-market-insights"],"acf":[],"yoast_head":"<title>Volkswagen propou\u0161t\u00ed a\u017e 100 000 zam\u011bstnanc\u016f. Jak\u00fd bude dopad na \u010cesko? - eToro<\/title>\n<meta name=\"robots\" content=\"index, follow, max-snippet:-1, max-image-preview:large, max-video-preview:-1\" \/>\n<link rel=\"canonical\" href=\"https:\/\/www.etoro.com\/cs-cz\/wp-json\/wp\/v2\/posts\/1290572\" \/>\n<meta property=\"og:locale\" content=\"cs_CZ\" \/>\n<meta property=\"og:type\" content=\"article\" \/>\n<meta property=\"og:title\" content=\"Volkswagen propou\u0161t\u00ed a\u017e 100 000 zam\u011bstnanc\u016f. Jak\u00fd bude dopad na \u010cesko? - eToro\" \/>\n<meta property=\"og:description\" content=\"Nejv\u011bt\u0161\u00ed zm\u011bny v dev\u011btaosmdes\u00e1tilet\u00e9 historii Volkswagenu zas\u00e1hnou cel\u00fd koncern. Pro \u010cesko to ale mohou b\u00fdt dobr\u00e9 zpr\u00e1vy, proto\u017ee produkce by se mohla z N\u011bmecka p\u0159esunout k n\u00e1m. Pro investory je to pot\u0159ebn\u00e1 dobr\u00e1 zpr\u00e1va. Dozor\u010d\u00ed rada Volkswagenu ve \u010dtvrtek ve\u010der jednomysln\u011b schv\u00e1lila transforma\u010dn\u00ed pl\u00e1n Future Plan 2030. Ten po\u010d\u00edt\u00e1 se zru\u0161en\u00edm dal\u0161\u00edch 50 000 pracovn\u00edch&hellip;\" \/>\n<meta property=\"og:url\" content=\"https:\/\/www.etoro.com\/cs-cz\/wp-json\/wp\/v2\/posts\/1290572\" \/>\n<meta property=\"og:site_name\" content=\"eToro\" \/>\n<meta property=\"article:publisher\" content=\"https:\/\/www.facebook.com\/eToro\/\" \/>\n<meta property=\"article:published_time\" content=\"2026-09-06T13:17:21+00:00\" \/>\n<meta property=\"og:image\" content=\"https:\/\/www.etoro.com\/wp-content\/uploads\/2025\/09\/market-insights-1024_538-2026-new-font.jpg\" \/>\n\t<meta property=\"og:image:width\" content=\"1024\" \/>\n\t<meta property=\"og:image:height\" content=\"538\" \/>\n\t<meta property=\"og:image:type\" content=\"image\/jpeg\" \/>\n<meta name=\"twitter:card\" content=\"summary_large_image\" \/>\n<meta name=\"twitter:creator\" content=\"@eToro\" \/>\n<meta name=\"twitter:site\" content=\"@eToro\" \/>\n<meta name=\"twitter:label1\" content=\"Written by\" \/>\n\t<meta name=\"twitter:data1\" content=\"Roni Ashpiz\" \/>\n\t<meta name=\"twitter:label2\" content=\"Est. reading time\" \/>\n\t<meta name=\"twitter:data2\" content=\"3 minutes\" \/>\n<script type=\"application\/ld+json\" class=\"yoast-schema-graph\">{\"@context\":\"https:\/\/schema.org\",\"@graph\":[{\"@type\":\"Article\",\"@id\":\"https:\/\/www.etoro.com\/cs-cz\/news-and-analysis\/market-insights\/volkswagen-propousti-az-100-000-zamestnancu-jaky-bude-dopad-na-cesko\/#article\",\"isPartOf\":{\"@id\":\"https:\/\/www.etoro.com\/cs-cz\/news-and-analysis\/market-insights\/volkswagen-propousti-az-100-000-zamestnancu-jaky-bude-dopad-na-cesko\/\"},\"headline\":\"Volkswagen propou\u0161t\u00ed a\u017e 100 000 zam\u011bstnanc\u016f. Jak\u00fd bude dopad na \u010cesko?\",\"datePublished\":\"2026-09-06T13:17:21+00:00\",\"mainEntityOfPage\":{\"@id\":\"https:\/\/www.etoro.com\/cs-cz\/news-and-analysis\/market-insights\/volkswagen-propousti-az-100-000-zamestnancu-jaky-bude-dopad-na-cesko\/\"},\"wordCount\":578,\"publisher\":{\"@id\":\"https:\/\/www.etoro.com\/cs-cz\/#organization\"},\"image\":{\"@id\":\"https:\/\/www.etoro.com\/cs-cz\/news-and-analysis\/market-insights\/volkswagen-propousti-az-100-000-zamestnancu-jaky-bude-dopad-na-cesko\/#primaryimage\"},\"thumbnailUrl\":\"https:\/\/www.etoro.com\/wp-content\/uploads\/2025\/09\/market-insights-1024_538-2026-new-font.jpg\",\"articleSection\":[\"P\u0159ehled trhu\"],\"inLanguage\":\"cs\"},{\"@type\":\"WebPage\",\"@id\":\"https:\/\/www.etoro.com\/cs-cz\/news-and-analysis\/market-insights\/volkswagen-propousti-az-100-000-zamestnancu-jaky-bude-dopad-na-cesko\/\",\"url\":\"https:\/\/www.etoro.com\/cs-cz\/news-and-analysis\/market-insights\/volkswagen-propousti-az-100-000-zamestnancu-jaky-bude-dopad-na-cesko\/\",\"name\":\"Volkswagen propou\u0161t\u00ed a\u017e 100 000 zam\u011bstnanc\u016f. Jak\u00fd bude dopad na \u010cesko? - eToro\",\"isPartOf\":{\"@id\":\"https:\/\/www.etoro.com\/cs-cz\/#website\"},\"primaryImageOfPage\":{\"@id\":\"https:\/\/www.etoro.com\/cs-cz\/news-and-analysis\/market-insights\/volkswagen-propousti-az-100-000-zamestnancu-jaky-bude-dopad-na-cesko\/#primaryimage\"},\"image\":{\"@id\":\"https:\/\/www.etoro.com\/cs-cz\/news-and-analysis\/market-insights\/volkswagen-propousti-az-100-000-zamestnancu-jaky-bude-dopad-na-cesko\/#primaryimage\"},\"thumbnailUrl\":\"https:\/\/www.etoro.com\/wp-content\/uploads\/2025\/09\/market-insights-1024_538-2026-new-font.jpg\",\"datePublished\":\"2026-09-06T13:17:21+00:00\",\"breadcrumb\":{\"@id\":\"https:\/\/www.etoro.com\/cs-cz\/news-and-analysis\/market-insights\/volkswagen-propousti-az-100-000-zamestnancu-jaky-bude-dopad-na-cesko\/#breadcrumb\"},\"inLanguage\":\"cs\",\"potentialAction\":[{\"@type\":\"ReadAction\",\"target\":[\"https:\/\/www.etoro.com\/cs-cz\/news-and-analysis\/market-insights\/volkswagen-propousti-az-100-000-zamestnancu-jaky-bude-dopad-na-cesko\/\"]}]},{\"@type\":\"ImageObject\",\"inLanguage\":\"cs\",\"@id\":\"https:\/\/www.etoro.com\/cs-cz\/news-and-analysis\/market-insights\/volkswagen-propousti-az-100-000-zamestnancu-jaky-bude-dopad-na-cesko\/#primaryimage\",\"url\":\"https:\/\/www.etoro.com\/wp-content\/uploads\/2025\/09\/market-insights-1024_538-2026-new-font.jpg\",\"contentUrl\":\"https:\/\/www.etoro.com\/wp-content\/uploads\/2025\/09\/market-insights-1024_538-2026-new-font.jpg\",\"width\":1024,\"height\":538},{\"@type\":\"BreadcrumbList\",\"@id\":\"https:\/\/www.etoro.com\/cs-cz\/news-and-analysis\/market-insights\/volkswagen-propousti-az-100-000-zamestnancu-jaky-bude-dopad-na-cesko\/#breadcrumb\",\"itemListElement\":[{\"@type\":\"ListItem\",\"position\":1,\"name\":\"Dom\u016f\",\"item\":\"https:\/\/www.etoro.com\/cs-cz\/\"},{\"@type\":\"ListItem\",\"position\":2,\"name\":\"P\u0159ehled trhu\",\"item\":\"https:\/\/www.etoro.com\/cs-cz\/news-and-analysis\/market-insights\/\"},{\"@type\":\"ListItem\",\"position\":3,\"name\":\"Volkswagen propou\u0161t\u00ed a\u017e 100 000 zam\u011bstnanc\u016f. Jak\u00fd bude dopad na \u010cesko?\"}]},{\"@type\":\"WebSite\",\"@id\":\"https:\/\/www.etoro.com\/cs-cz\/#website\",\"url\":\"https:\/\/www.etoro.com\/cs-cz\/\",\"name\":\"eToro\",\"description\":\"\",\"publisher\":{\"@id\":\"https:\/\/www.etoro.com\/cs-cz\/#organization\"},\"potentialAction\":[{\"@type\":\"SearchAction\",\"target\":{\"@type\":\"EntryPoint\",\"urlTemplate\":\"https:\/\/www.etoro.com\/cs-cz\/?s={search_term_string}\"},\"query-input\":{\"@type\":\"PropertyValueSpecification\",\"valueRequired\":true,\"valueName\":\"search_term_string\"}}],\"inLanguage\":\"cs\"},[]]}<\/script>","yoast_head_json":{"title":"Volkswagen propou\u0161t\u00ed a\u017e 100 000 zam\u011bstnanc\u016f. Jak\u00fd bude dopad na \u010cesko? - eToro","robots":{"index":"index","follow":"follow","max-snippet":"max-snippet:-1","max-image-preview":"max-image-preview:large","max-video-preview":"max-video-preview:-1"},"canonical":"https:\/\/www.etoro.com\/cs-cz\/wp-json\/wp\/v2\/posts\/1290572","og_locale":"cs_CZ","og_type":"article","og_title":"Volkswagen propou\u0161t\u00ed a\u017e 100 000 zam\u011bstnanc\u016f. Jak\u00fd bude dopad na \u010cesko? - eToro","og_description":"Nejv\u011bt\u0161\u00ed zm\u011bny v dev\u011btaosmdes\u00e1tilet\u00e9 historii Volkswagenu zas\u00e1hnou cel\u00fd koncern. Pro \u010cesko to ale mohou b\u00fdt dobr\u00e9 zpr\u00e1vy, proto\u017ee produkce by se mohla z N\u011bmecka p\u0159esunout k n\u00e1m. Pro investory je to pot\u0159ebn\u00e1 dobr\u00e1 zpr\u00e1va. Dozor\u010d\u00ed rada Volkswagenu ve \u010dtvrtek ve\u010der jednomysln\u011b schv\u00e1lila transforma\u010dn\u00ed pl\u00e1n Future Plan 2030. Ten po\u010d\u00edt\u00e1 se zru\u0161en\u00edm dal\u0161\u00edch 50 000 pracovn\u00edch&hellip;","og_url":"https:\/\/www.etoro.com\/cs-cz\/wp-json\/wp\/v2\/posts\/1290572","og_site_name":"eToro","article_publisher":"https:\/\/www.facebook.com\/eToro\/","article_published_time":"2026-09-06T13:17:21+00:00","og_image":[{"width":1024,"height":538,"url":"https:\/\/www.etoro.com\/wp-content\/uploads\/2025\/09\/market-insights-1024_538-2026-new-font.jpg","type":"image\/jpeg"}],"twitter_card":"summary_large_image","twitter_creator":"@eToro","twitter_site":"@eToro","twitter_misc":{"Written by":"Roni Ashpiz","Est. reading time":"3 minutes"},"schema":{"@context":"https:\/\/schema.org","@graph":[{"@type":"Article","@id":"https:\/\/www.etoro.com\/cs-cz\/news-and-analysis\/market-insights\/volkswagen-propousti-az-100-000-zamestnancu-jaky-bude-dopad-na-cesko\/#article","isPartOf":{"@id":"https:\/\/www.etoro.com\/cs-cz\/news-and-analysis\/market-insights\/volkswagen-propousti-az-100-000-zamestnancu-jaky-bude-dopad-na-cesko\/"},"headline":"Volkswagen propou\u0161t\u00ed a\u017e 100 000 zam\u011bstnanc\u016f. Jak\u00fd bude dopad na \u010cesko?","datePublished":"2026-09-06T13:17:21+00:00","mainEntityOfPage":{"@id":"https:\/\/www.etoro.com\/cs-cz\/news-and-analysis\/market-insights\/volkswagen-propousti-az-100-000-zamestnancu-jaky-bude-dopad-na-cesko\/"},"wordCount":578,"publisher":{"@id":"https:\/\/www.etoro.com\/cs-cz\/#organization"},"image":{"@id":"https:\/\/www.etoro.com\/cs-cz\/news-and-analysis\/market-insights\/volkswagen-propousti-az-100-000-zamestnancu-jaky-bude-dopad-na-cesko\/#primaryimage"},"thumbnailUrl":"https:\/\/www.etoro.com\/wp-content\/uploads\/2025\/09\/market-insights-1024_538-2026-new-font.jpg","articleSection":["P\u0159ehled trhu"],"inLanguage":"cs"},{"@type":"WebPage","@id":"https:\/\/www.etoro.com\/cs-cz\/news-and-analysis\/market-insights\/volkswagen-propousti-az-100-000-zamestnancu-jaky-bude-dopad-na-cesko\/","url":"https:\/\/www.etoro.com\/cs-cz\/news-and-analysis\/market-insights\/volkswagen-propousti-az-100-000-zamestnancu-jaky-bude-dopad-na-cesko\/","name":"Volkswagen propou\u0161t\u00ed a\u017e 100 000 zam\u011bstnanc\u016f. Jak\u00fd bude dopad na \u010cesko? - eToro","isPartOf":{"@id":"https:\/\/www.etoro.com\/cs-cz\/#website"},"primaryImageOfPage":{"@id":"https:\/\/www.etoro.com\/cs-cz\/news-and-analysis\/market-insights\/volkswagen-propousti-az-100-000-zamestnancu-jaky-bude-dopad-na-cesko\/#primaryimage"},"image":{"@id":"https:\/\/www.etoro.com\/cs-cz\/news-and-analysis\/market-insights\/volkswagen-propousti-az-100-000-zamestnancu-jaky-bude-dopad-na-cesko\/#primaryimage"},"thumbnailUrl":"https:\/\/www.etoro.com\/wp-content\/uploads\/2025\/09\/market-insights-1024_538-2026-new-font.jpg","datePublished":"2026-09-06T13:17:21+00:00","breadcrumb":{"@id":"https:\/\/www.etoro.com\/cs-cz\/news-and-analysis\/market-insights\/volkswagen-propousti-az-100-000-zamestnancu-jaky-bude-dopad-na-cesko\/#breadcrumb"},"inLanguage":"cs","potentialAction":[{"@type":"ReadAction","target":["https:\/\/www.etoro.com\/cs-cz\/news-and-analysis\/market-insights\/volkswagen-propousti-az-100-000-zamestnancu-jaky-bude-dopad-na-cesko\/"]}]},{"@type":"ImageObject","inLanguage":"cs","@id":"https:\/\/www.etoro.com\/cs-cz\/news-and-analysis\/market-insights\/volkswagen-propousti-az-100-000-zamestnancu-jaky-bude-dopad-na-cesko\/#primaryimage","url":"https:\/\/www.etoro.com\/wp-content\/uploads\/2025\/09\/market-insights-1024_538-2026-new-font.jpg","contentUrl":"https:\/\/www.etoro.com\/wp-content\/uploads\/2025\/09\/market-insights-1024_538-2026-new-font.jpg","width":1024,"height":538},{"@type":"BreadcrumbList","@id":"https:\/\/www.etoro.com\/cs-cz\/news-and-analysis\/market-insights\/volkswagen-propousti-az-100-000-zamestnancu-jaky-bude-dopad-na-cesko\/#breadcrumb","itemListElement":[{"@type":"ListItem","position":1,"name":"Dom\u016f","item":"https:\/\/www.etoro.com\/cs-cz\/"},{"@type":"ListItem","position":2,"name":"P\u0159ehled trhu","item":"https:\/\/www.etoro.com\/cs-cz\/news-and-analysis\/market-insights\/"},{"@type":"ListItem","position":3,"name":"Volkswagen propou\u0161t\u00ed a\u017e 100 000 zam\u011bstnanc\u016f. Jak\u00fd bude dopad na \u010cesko?"}]},{"@type":"WebSite","@id":"https:\/\/www.etoro.com\/cs-cz\/#website","url":"https:\/\/www.etoro.com\/cs-cz\/","name":"eToro","description":"","publisher":{"@id":"https:\/\/www.etoro.com\/cs-cz\/#organization"},"potentialAction":[{"@type":"SearchAction","target":{"@type":"EntryPoint","urlTemplate":"https:\/\/www.etoro.com\/cs-cz\/?s={search_term_string}"},"query-input":{"@type":"PropertyValueSpecification","valueRequired":true,"valueName":"search_term_string"}}],"inLanguage":"cs"},[]]}},"_links":{"self":[{"href":"https:\/\/www.etoro.com\/cs-cz\/wp-json\/wp\/v2\/posts\/1290572"}],"collection":[{"href":"https:\/\/www.etoro.com\/cs-cz\/wp-json\/wp\/v2\/posts"}],"about":[{"href":"https:\/\/www.etoro.com\/cs-cz\/wp-json\/wp\/v2\/types\/post"}],"author":[{"embeddable":true,"href":"https:\/\/www.etoro.com\/cs-cz\/wp-json\/wp\/v2\/users\/75"}],"replies":[{"embeddable":true,"href":"https:\/\/www.etoro.com\/cs-cz\/wp-json\/wp\/v2\/comments?post=1290572"}],"version-history":[{"count":0,"href":"https:\/\/www.etoro.com\/cs-cz\/wp-json\/wp\/v2\/posts\/1290572\/revisions"}],"wp:featuredmedia":[{"embeddable":true,"href":"https:\/\/www.etoro.com\/cs-cz\/wp-json\/wp\/v2\/media\/1206335"}],"wp:attachment":[{"href":"https:\/\/www.etoro.com\/cs-cz\/wp-json\/wp\/v2\/media?parent=1290572"}],"wp:term":[{"taxonomy":"category","embeddable":true,"href":"https:\/\/www.etoro.com\/cs-cz\/wp-json\/wp\/v2\/categories?post=1290572"},{"taxonomy":"post_tag","embeddable":true,"href":"https:\/\/www.etoro.com\/cs-cz\/wp-json\/wp\/v2\/tags?post=1290572"},{"taxonomy":"asset_type","embeddable":true,"href":"https:\/\/www.etoro.com\/cs-cz\/wp-json\/wp\/v2\/asset_type?post=1290572"}],"curies":[{"name":"wp","href":"https:\/\/api.w.org\/{rel}","templated":true}]}}